{"id":1177,"date":"2020-11-03T13:08:13","date_gmt":"2020-11-03T12:08:13","guid":{"rendered":"https:\/\/atouts-et-perspectives.fr\/lassociation-boeog-biiga-etait-conviee-ce-mardi-13-octobre-a-mettray-a-rencontrer-les-jeunes-les-educateurs-pour-un-moment-dechanges\/"},"modified":"2020-12-09T16:18:02","modified_gmt":"2020-12-09T15:18:02","slug":"the-boeog-biiga-association","status":"publish","type":"post","link":"https:\/\/atouts-et-perspectives.fr\/en\/the-boeog-biiga-association\/","title":{"rendered":"The BOEOG BIIGA association"},"content":{"rendered":"<p><span style=\"font-weight: 400;\">The <strong>BOEOG BIIGA<\/strong> association was invited this Tuesday, October 13 in Mettray to meet young people\u00a0<\/span><span style=\"font-weight: 400;\">and educators for a moment of discussion.<\/span><\/p>\n<p><strong>A beautiful moment full of emotions, the aim was to value and congratulate the tenacious work of the young people of the workshop &#8220;green spaces&#8221; who chose to donate to the\u00a0 ASSOCIATION the profits of the SALES OF WORKS carried out throughout the year 2019. An outstanding demonstration of SOLIDARITY for the benefit of BURKINABE CHILDREN in a highly vulnerable situation.<\/strong><\/p>\n<p><span style=\"font-weight: 400;\">MASSA DEME was expected for his musical talents &#8230; and this exceptional morning was marked <\/span><span style=\"font-weight: 400;\">by interludes and a well appreciated finale<\/span><\/p>\n\n\t\t<style type=\"text\/css\">\n\t\t\t#gallery-1 {\n\t\t\t\tmargin: auto;\n\t\t\t}\n\t\t\t#gallery-1 .gallery-item {\n\t\t\t\tfloat: left;\n\t\t\t\tmargin-top: 10px;\n\t\t\t\ttext-align: center;\n\t\t\t\twidth: 33%;\n\t\t\t}\n\t\t\t#gallery-1 img {\n\t\t\t\tborder: 2px solid #cfcfcf;\n\t\t\t}\n\t\t\t#gallery-1 .gallery-caption {\n\t\t\t\tmargin-left: 0;\n\t\t\t}\n\t\t\t\/* see gallery_shortcode() in wp-includes\/media.php *\/\n\t\t<\/style>\n\t\t<div id='gallery-1' class='gallery galleryid-1177 gallery-columns-3 gallery-size-medium'><dl class='gallery-item'>\n\t\t\t<dt class='gallery-icon landscape'>\n\t\t\t\t<a href='https:\/\/atouts-et-perspectives.fr\/en\/the-boeog-biiga-association\/121146691_669574433978188_5530354303066446733_n-2\/'><img width=\"300\" height=\"225\" src=\"https:\/\/atouts-et-perspectives.fr\/wp-content\/uploads\/2020\/11\/121146691_669574433978188_5530354303066446733_n-300x225.jpg\" class=\"attachment-medium size-medium\" alt=\"Paul grenot qui remet un ch\u00e8que a l&#039;association\" loading=\"lazy\" srcset=\"https:\/\/atouts-et-perspectives.fr\/wp-content\/uploads\/2020\/11\/121146691_669574433978188_5530354303066446733_n-300x225.jpg 300w, https:\/\/atouts-et-perspectives.fr\/wp-content\/uploads\/2020\/11\/121146691_669574433978188_5530354303066446733_n-1024x768.jpg 1024w, https:\/\/atouts-et-perspectives.fr\/wp-content\/uploads\/2020\/11\/121146691_669574433978188_5530354303066446733_n-768x576.jpg 768w, https:\/\/atouts-et-perspectives.fr\/wp-content\/uploads\/2020\/11\/121146691_669574433978188_5530354303066446733_n-1536x1152.jpg 1536w, https:\/\/atouts-et-perspectives.fr\/wp-content\/uploads\/2020\/11\/121146691_669574433978188_5530354303066446733_n.jpg 2048w\" sizes=\"(max-width: 300px) 100vw, 300px\" \/><\/a>\n\t\t\t<\/dt><\/dl><dl class='gallery-item'>\n\t\t\t<dt class='gallery-icon landscape'>\n\t\t\t\t<a href='https:\/\/atouts-et-perspectives.fr\/en\/the-boeog-biiga-association\/121232787_2649272492069216_2626901009987177956_n-2\/'><img width=\"300\" height=\"225\" src=\"https:\/\/atouts-et-perspectives.fr\/wp-content\/uploads\/2020\/11\/121232787_2649272492069216_2626901009987177956_n-300x225.jpg\" class=\"attachment-medium size-medium\" alt=\"des jeunes pendant un \u00e9change\" loading=\"lazy\" srcset=\"https:\/\/atouts-et-perspectives.fr\/wp-content\/uploads\/2020\/11\/121232787_2649272492069216_2626901009987177956_n-300x225.jpg 300w, https:\/\/atouts-et-perspectives.fr\/wp-content\/uploads\/2020\/11\/121232787_2649272492069216_2626901009987177956_n-1024x768.jpg 1024w, https:\/\/atouts-et-perspectives.fr\/wp-content\/uploads\/2020\/11\/121232787_2649272492069216_2626901009987177956_n-768x576.jpg 768w, https:\/\/atouts-et-perspectives.fr\/wp-content\/uploads\/2020\/11\/121232787_2649272492069216_2626901009987177956_n-1536x1152.jpg 1536w, https:\/\/atouts-et-perspectives.fr\/wp-content\/uploads\/2020\/11\/121232787_2649272492069216_2626901009987177956_n.jpg 2048w\" sizes=\"(max-width: 300px) 100vw, 300px\" \/><\/a>\n\t\t\t<\/dt><\/dl><dl class='gallery-item'>\n\t\t\t<dt class='gallery-icon landscape'>\n\t\t\t\t<a href='https:\/\/atouts-et-perspectives.fr\/en\/the-boeog-biiga-association\/121303553_904860886706454_8325967397787246155_n-2\/'><img width=\"300\" height=\"225\" src=\"https:\/\/atouts-et-perspectives.fr\/wp-content\/uploads\/2020\/11\/121303553_904860886706454_8325967397787246155_n-300x225.jpg\" class=\"attachment-medium size-medium\" alt=\"Massa d\u00e9m\u00e9 qui joue de la guitare\" loading=\"lazy\" srcset=\"https:\/\/atouts-et-perspectives.fr\/wp-content\/uploads\/2020\/11\/121303553_904860886706454_8325967397787246155_n-300x225.jpg 300w, https:\/\/atouts-et-perspectives.fr\/wp-content\/uploads\/2020\/11\/121303553_904860886706454_8325967397787246155_n-1024x768.jpg 1024w, https:\/\/atouts-et-perspectives.fr\/wp-content\/uploads\/2020\/11\/121303553_904860886706454_8325967397787246155_n-768x576.jpg 768w, https:\/\/atouts-et-perspectives.fr\/wp-content\/uploads\/2020\/11\/121303553_904860886706454_8325967397787246155_n-1536x1152.jpg 1536w, https:\/\/atouts-et-perspectives.fr\/wp-content\/uploads\/2020\/11\/121303553_904860886706454_8325967397787246155_n.jpg 2048w\" sizes=\"(max-width: 300px) 100vw, 300px\" \/><\/a>\n\t\t\t<\/dt><\/dl><br style=\"clear: both\" \/>\n\t\t<\/div>\n\n","protected":false},"excerpt":{"rendered":"<p>The BOEOG BIIGA association was invited this Tuesday, October 13 [&hellip;]<\/p>\n","protected":false},"author":1,"featured_media":600,"comment_status":"closed","ping_status":"closed","sticky":false,"template":"","format":"standard","meta":[],"categories":[4],"tags":[],"acf":[],"yoast_head":"<!-- This site is optimized with the Yoast SEO plugin v15.6.2 - https:\/\/yoast.com\/wordpress\/plugins\/seo\/ -->\n<title>The BOEOG BIIGA association - Atouts et perspectives<\/title>\n<meta name=\"description\" content=\"L\u2019association BOEOG BIIGA \u00e9tait convi\u00e9e ce mardi 13 octobre \u00e0 Mettray \u00e0 rencontrer les jeunes, les \u00e9ducateurs pour un moment d\u2019\u00e9changes\" \/>\n<meta name=\"robots\" content=\"index, follow, max-snippet:-1, max-image-preview:large, max-video-preview:-1\" \/>\n<link rel=\"canonical\" href=\"https:\/\/atouts-et-perspectives.fr\/en\/the-boeog-biiga-association\/\" \/>\n<meta property=\"og:locale\" content=\"en_US\" \/>\n<meta property=\"og:type\" content=\"article\" \/>\n<meta property=\"og:title\" content=\"The BOEOG BIIGA association - Atouts et perspectives\" \/>\n<meta property=\"og:description\" content=\"L\u2019association BOEOG BIIGA \u00e9tait convi\u00e9e ce mardi 13 octobre \u00e0 Mettray \u00e0 rencontrer les jeunes, les \u00e9ducateurs pour un moment d\u2019\u00e9changes\" \/>\n<meta property=\"og:url\" content=\"https:\/\/atouts-et-perspectives.fr\/en\/the-boeog-biiga-association\/\" \/>\n<meta property=\"og:site_name\" content=\"Atouts et perspectives\" \/>\n<meta property=\"article:published_time\" content=\"2020-11-03T12:08:13+00:00\" \/>\n<meta property=\"article:modified_time\" content=\"2020-12-09T15:18:02+00:00\" \/>\n<meta property=\"og:image\" content=\"https:\/\/atouts-et-perspectives.fr\/wp-content\/uploads\/2020\/11\/actualites-1.jpg\" \/>\n\t<meta property=\"og:image:width\" content=\"1200\" \/>\n\t<meta property=\"og:image:height\" content=\"899\" \/>\n<meta name=\"twitter:card\" content=\"summary_large_image\" \/>\n<meta name=\"twitter:label1\" content=\"Est. reading time\">\n\t<meta name=\"twitter:data1\" content=\"1 minute\">\n<script type=\"application\/ld+json\" class=\"yoast-schema-graph\">{\"@context\":\"https:\/\/schema.org\",\"@graph\":[{\"@type\":\"WebSite\",\"@id\":\"https:\/\/atouts-et-perspectives.fr\/en\/#website\",\"url\":\"https:\/\/atouts-et-perspectives.fr\/en\/\",\"name\":\"Atouts et perspectives\",\"description\":\"Insertion et formation, pr\\u00e9parons votre avenir.\",\"potentialAction\":[{\"@type\":\"SearchAction\",\"target\":\"https:\/\/atouts-et-perspectives.fr\/en\/?s={search_term_string}\",\"query-input\":\"required name=search_term_string\"}],\"inLanguage\":\"en-US\"},{\"@type\":\"ImageObject\",\"@id\":\"https:\/\/atouts-et-perspectives.fr\/en\/the-boeog-biiga-association\/#primaryimage\",\"inLanguage\":\"en-US\",\"url\":\"https:\/\/atouts-et-perspectives.fr\/wp-content\/uploads\/2020\/11\/actualites-1.jpg\",\"width\":1200,\"height\":899},{\"@type\":\"WebPage\",\"@id\":\"https:\/\/atouts-et-perspectives.fr\/en\/the-boeog-biiga-association\/#webpage\",\"url\":\"https:\/\/atouts-et-perspectives.fr\/en\/the-boeog-biiga-association\/\",\"name\":\"The BOEOG BIIGA association - Atouts et perspectives\",\"isPartOf\":{\"@id\":\"https:\/\/atouts-et-perspectives.fr\/en\/#website\"},\"primaryImageOfPage\":{\"@id\":\"https:\/\/atouts-et-perspectives.fr\/en\/the-boeog-biiga-association\/#primaryimage\"},\"datePublished\":\"2020-11-03T12:08:13+00:00\",\"dateModified\":\"2020-12-09T15:18:02+00:00\",\"author\":{\"@id\":\"https:\/\/atouts-et-perspectives.fr\/en\/#\/schema\/person\/af158218b088728f3bfbd2041b6a94f1\"},\"description\":\"L\\u2019association BOEOG BIIGA \\u00e9tait convi\\u00e9e ce mardi 13 octobre \\u00e0 Mettray \\u00e0 rencontrer les jeunes, les \\u00e9ducateurs pour un moment d\\u2019\\u00e9changes\",\"inLanguage\":\"en-US\",\"potentialAction\":[{\"@type\":\"ReadAction\",\"target\":[\"https:\/\/atouts-et-perspectives.fr\/en\/the-boeog-biiga-association\/\"]}]},{\"@type\":\"Person\",\"@id\":\"https:\/\/atouts-et-perspectives.fr\/en\/#\/schema\/person\/af158218b088728f3bfbd2041b6a94f1\",\"name\":\"tribu\",\"sameAs\":[\"https:\/\/atouts-et-perspectives.fr\"]}]}<\/script>\n<!-- \/ Yoast SEO plugin. -->","_links":{"self":[{"href":"https:\/\/atouts-et-perspectives.fr\/en\/wp-json\/wp\/v2\/posts\/1177"}],"collection":[{"href":"https:\/\/atouts-et-perspectives.fr\/en\/wp-json\/wp\/v2\/posts"}],"about":[{"href":"https:\/\/atouts-et-perspectives.fr\/en\/wp-json\/wp\/v2\/types\/post"}],"author":[{"embeddable":true,"href":"https:\/\/atouts-et-perspectives.fr\/en\/wp-json\/wp\/v2\/users\/1"}],"replies":[{"embeddable":true,"href":"https:\/\/atouts-et-perspectives.fr\/en\/wp-json\/wp\/v2\/comments?post=1177"}],"version-history":[{"count":1,"href":"https:\/\/atouts-et-perspectives.fr\/en\/wp-json\/wp\/v2\/posts\/1177\/revisions"}],"predecessor-version":[{"id":1180,"href":"https:\/\/atouts-et-perspectives.fr\/en\/wp-json\/wp\/v2\/posts\/1177\/revisions\/1180"}],"wp:featuredmedia":[{"embeddable":true,"href":"https:\/\/atouts-et-perspectives.fr\/en\/wp-json\/wp\/v2\/media\/600"}],"wp:attachment":[{"href":"https:\/\/atouts-et-perspectives.fr\/en\/wp-json\/wp\/v2\/media?parent=1177"}],"wp:term":[{"taxonomy":"category","embeddable":true,"href":"https:\/\/atouts-et-perspectives.fr\/en\/wp-json\/wp\/v2\/categories?post=1177"},{"taxonomy":"post_tag","embeddable":true,"href":"https:\/\/atouts-et-perspectives.fr\/en\/wp-json\/wp\/v2\/tags?post=1177"}],"curies":[{"name":"wp","href":"https:\/\/api.w.org\/{rel}","templated":true}]}}